{"id":122,"date":"2025-01-23T18:56:17","date_gmt":"2025-01-23T17:56:17","guid":{"rendered":"https:\/\/malenzoeortiz.com\/?p=122"},"modified":"2025-01-23T18:56:33","modified_gmt":"2025-01-23T17:56:33","slug":"los-problemas-judiciales-del-padre-de-malen-ortiz","status":"publish","type":"post","link":"https:\/\/malenzoeortiz.com\/index.php\/2025\/01\/23\/los-problemas-judiciales-del-padre-de-malen-ortiz\/","title":{"rendered":"Los problemas judiciales del padre de Mal\u00e9n Ortiz"},"content":{"rendered":"\n<p><a href=\"https:\/\/www.ultimahora.es\/sucesos\/ultimas\/2021\/11\/24\/1671579\/problemas-judiciales-del-padre-malen-ortiz.html\" target=\"_blank\" rel=\"noopener\" title=\"\">Redacci\u00f3n Digital &#8211; Ultima Hora<\/a><\/p>\n\n\n\n<p>24 de noviembre de 2021<\/p>\n\n\n\n<p>Alejandro Ortiz, padre de Mal\u00e9n, la joven de 15 a\u00f1os desaparecida en las inmediaciones de Son Ferrer, Calvi\u00e0, en 2013, ha vuelto a sentarse en el banquillo de los acusados por sus problemas con agentes de la Polic\u00eda. Si en marzo de 2019 fue condenado a seis meses de prisi\u00f3n por un delito de resistencia tras enfrentarse a los agentes en septiembre de 2018 en Santa Pon\u00e7a, este martes fue sentenciado a dos meses y medio de prisi\u00f3n y una multa de 540 euros por graves amenazas a funcionarios tras ser interceptado en un control de alcoholemia en la calle General Riera.<\/p>\n\n\n\n<p>El primer incidente, seg\u00fan Fiscal\u00eda, tuvo lugar sobre las 21.00 horas del 28 de septiembre de 2018. Unos vecinos de Ortiz alertaron a la Polic\u00eda Local de Calvi\u00e0 de su estado alterado. Agentes de la polic\u00eda y la Guardia Civil acudieron a la llamada y se personaron en su vivienda, donde el hombre les neg\u00f3 la entrada, aunque minutos despu\u00e9s baj\u00f3 con ellos al parking para mostrarles su identificaci\u00f3n. All\u00ed empez\u00f3 a proferir insultos hacia los agentes. \u00abMaltratadores, hijos de puta, corruptos, drogadictos\u2026\u00bb, sobre todo a un polic\u00eda local en concreto al que le dijo \u00abme has matado a mi hija, te voy a matar, el alcalde ma\u00f1ana se va a enterar, lo voy a matar\u00bb.<\/p>\n\n\n\n<p>El segundo suceso ocurri\u00f3 en la calle General Riera de Palma el 23 de septiembre de 2019, donde varios agentes de la Polic\u00eda Local observaron a un veh\u00edculo con una conducci\u00f3n extra\u00f1a, dando bandazos. Fue interceptado y sometido a la prueba de alcoholemia, donde arroj\u00f3 un resultado positivo. Mientras le hac\u00edan el test empez\u00f3 a insultar y a amenazar de muerte a los polic\u00edas. El martes reconoci\u00f3 los hechos ante la jueza de lo Penal n\u00famero 1 de V\u00eda Alemania.<\/p>\n\n\n\n<p>En 2014 se ya sent\u00f3 ante el juez en un juzgado de Instrucci\u00f3n de Palma por amenazar de muerte a su exsuegra. El \u00faltimo episodio problem\u00e1tico de Alejandro Ortiz tuvo lugar en julio de este a\u00f1o. La Guardia Civil lo detuvo acusado de amenazar de muerte al alcalde de Calvi\u00e0, Alfonso Rodr\u00edguez. Tras quedar en libertad, el empresario argentino inici\u00f3 una huelga \u00abde hambre y de sed\u00bb frente al consistorio, denunciando que todo era parte de un complot contra \u00e9l.<\/p>\n","protected":false},"excerpt":{"rendered":"<p>Redacci\u00f3n Digital &#8211; Ultima Hora 24 de noviembre de 2021 Alejandro Ortiz, padre de Mal\u00e9n, la joven de 15 a\u00f1os&hellip;<\/p>\n","protected":false},"author":1,"featured_media":0,"comment_status":"open","ping_status":"open","sticky":false,"template":"","format":"standard","meta":{"footnotes":""},"categories":[7],"tags":[26],"class_list":["post-122","post","type-post","status-publish","format-standard","hentry","category-noticias","tag-year-2021"],"_links":{"self":[{"href":"https:\/\/malenzoeortiz.com\/index.php\/wp-json\/wp\/v2\/posts\/122","targetHints":{"allow":["GET"]}}],"collection":[{"href":"https:\/\/malenzoeortiz.com\/index.php\/wp-json\/wp\/v2\/posts"}],"about":[{"href":"https:\/\/malenzoeortiz.com\/index.php\/wp-json\/wp\/v2\/types\/post"}],"author":[{"embeddable":true,"href":"https:\/\/malenzoeortiz.com\/index.php\/wp-json\/wp\/v2\/users\/1"}],"replies":[{"embeddable":true,"href":"https:\/\/malenzoeortiz.com\/index.php\/wp-json\/wp\/v2\/comments?post=122"}],"version-history":[{"count":1,"href":"https:\/\/malenzoeortiz.com\/index.php\/wp-json\/wp\/v2\/posts\/122\/revisions"}],"predecessor-version":[{"id":123,"href":"https:\/\/malenzoeortiz.com\/index.php\/wp-json\/wp\/v2\/posts\/122\/revisions\/123"}],"wp:attachment":[{"href":"https:\/\/malenzoeortiz.com\/index.php\/wp-json\/wp\/v2\/media?parent=122"}],"wp:term":[{"taxonomy":"category","embeddable":true,"href":"https:\/\/malenzoeortiz.com\/index.php\/wp-json\/wp\/v2\/categories?post=122"},{"taxonomy":"post_tag","embeddable":true,"href":"https:\/\/malenzoeortiz.com\/index.php\/wp-json\/wp\/v2\/tags?post=122"}],"curies":[{"name":"wp","href":"https:\/\/api.w.org\/{rel}","templated":true}]}}