{"id":24,"date":"2025-01-23T18:48:44","date_gmt":"2025-01-23T17:48:44","guid":{"rendered":"https:\/\/malenzoeortiz.com\/?p=24"},"modified":"2025-01-23T18:56:33","modified_gmt":"2025-01-23T17:56:33","slug":"mi-hija-no-aparece-he-llegado-a-pensar-en-un-secuestro-porque-estoy-amenazado-de-muerte","status":"publish","type":"post","link":"https:\/\/malenzoeortiz.com\/index.php\/2025\/01\/23\/mi-hija-no-aparece-he-llegado-a-pensar-en-un-secuestro-porque-estoy-amenazado-de-muerte\/","title":{"rendered":"\u00abMi hija no aparece: he llegado a pensar en un secuestro porque estoy amenazado de muerte\u00bb"},"content":{"rendered":"\n<p><em><a href=\"https:\/\/www.ultimahora.es\/sucesos\/ultimas\/2013\/12\/04\/113681\/reanuda-busqueda-menor-desaparecida-calvia.html\" target=\"_blank\" rel=\"noreferrer noopener nofollow\">J. Jim\u00e9nez \u2013 UltimaHora.es<\/a><\/em><\/p>\n\n\n\n<p>4 de diciembre de 2013<\/p>\n\n\n\n<p>\u00abTengo empresas de agua en las tres islas y no nos falta de nada. Por ese pens\u00e9 que se pod\u00eda tratar de un secuestro o que a mi hija se la hab\u00eda llevado mi ex mujer. Ahora, en la tercera noche sin ella, lo veo todo muy negro, ya no s\u00e9 que pensar. Yo estoy amenazado de muerte, y la Guardia Civil ya lo sabe\u00bb. Alejandro Ortiz, padre de la adolescente de 15 a\u00f1os desaparecida desde el lunes en Calvi\u00e0, concedi\u00f3 ayer una entrevista a&nbsp;<em>\u00daltima Hora<\/em>&nbsp;y explic\u00f3 las horas previas a la desaparici\u00f3n. Esta ma\u00f1ana se ha reanudado la b\u00fasqueda.<\/p>\n\n\n\n<p>\u00abEn mi casa soy muy estricto, porque hago de padre y madre. La norma principal es que al caer la noche mis dos hijos tienen que estar en casa. Sin excusas. Por eso, cuando el lunes por la tarde no volvi\u00f3 a casa me alarm\u00e9 mucho\u00bb, cont\u00f3. El empresario argentino, que reside en Cala Vi\u00f1as, no recuerda nada anormal el lunes por la ma\u00f1ana: \u00abDej\u00e9 a Bruno, de 12 a\u00f1os, y a Mal\u00e9n, de 15, en la parada del bus, en Piratas (Magaluf). Les hice luces con mi coche, como siempre. Ese d\u00eda les d\u00ed 5 euros a cada uno y todo estaba bien\u00bb.<\/p>\n\n\n\n<p>La menor, que cursa estudios en el IES de Santa Pon\u00e7a, sali\u00f3 a las 15.00 horas. Poco despu\u00e9s lleg\u00f3 a su casa, pero no ten\u00eda las llaves y llam\u00f3 a su padre, que no pudo coger el tel\u00e9fono. \u00abHabl\u00f3 con mi secretaria, y le dijo que se iba a comer con Dani, su novio, a Son Ferrer\u00bb, explic\u00f3.<\/p>\n\n\n\n<p>Mal\u00e9n nunca lleg\u00f3 a reunirse con su pareja. \u00abLa primera noche que falt\u00f3 pens\u00e9 que se la hab\u00eda llevado mi ex. La segunda noche, fue terrible y hoy, que es la tercera, ya no s\u00e9 que pensar. El novio de mi ex me amenaz\u00f3 de muerte, hace a\u00f1o y medio, y ya se lo he contado a la Guardia Civil. Sin embargo, quiero que mi hija sepa que si se ha ido voluntariamente, la perdono\u00bb, concluy\u00f3. Ayer, la Guardia Civil, Polic\u00eda Local, voluntarios y amigos de la joven prosiguieron la b\u00fasqueda, en Son Pillo y El Toro. Un helic\u00f3ptero y perros adiestrados colaboraron en el despliegue, que finaliz\u00f3 sin \u00e9xito. \u00bfD\u00f3nde est\u00e1 Mal\u00e9n?<\/p>\n","protected":false},"excerpt":{"rendered":"<p>J. Jim\u00e9nez \u2013 UltimaHora.es 4 de diciembre de 2013 \u00abTengo empresas de agua en las tres islas y no nos&hellip;<\/p>\n","protected":false},"author":1,"featured_media":0,"comment_status":"open","ping_status":"open","sticky":false,"template":"","format":"standard","meta":{"footnotes":""},"categories":[7],"tags":[18],"class_list":["post-24","post","type-post","status-publish","format-standard","hentry","category-noticias","tag-year-2013"],"_links":{"self":[{"href":"https:\/\/malenzoeortiz.com\/index.php\/wp-json\/wp\/v2\/posts\/24","targetHints":{"allow":["GET"]}}],"collection":[{"href":"https:\/\/malenzoeortiz.com\/index.php\/wp-json\/wp\/v2\/posts"}],"about":[{"href":"https:\/\/malenzoeortiz.com\/index.php\/wp-json\/wp\/v2\/types\/post"}],"author":[{"embeddable":true,"href":"https:\/\/malenzoeortiz.com\/index.php\/wp-json\/wp\/v2\/users\/1"}],"replies":[{"embeddable":true,"href":"https:\/\/malenzoeortiz.com\/index.php\/wp-json\/wp\/v2\/comments?post=24"}],"version-history":[{"count":3,"href":"https:\/\/malenzoeortiz.com\/index.php\/wp-json\/wp\/v2\/posts\/24\/revisions"}],"predecessor-version":[{"id":160,"href":"https:\/\/malenzoeortiz.com\/index.php\/wp-json\/wp\/v2\/posts\/24\/revisions\/160"}],"wp:attachment":[{"href":"https:\/\/malenzoeortiz.com\/index.php\/wp-json\/wp\/v2\/media?parent=24"}],"wp:term":[{"taxonomy":"category","embeddable":true,"href":"https:\/\/malenzoeortiz.com\/index.php\/wp-json\/wp\/v2\/categories?post=24"},{"taxonomy":"post_tag","embeddable":true,"href":"https:\/\/malenzoeortiz.com\/index.php\/wp-json\/wp\/v2\/tags?post=24"}],"curies":[{"name":"wp","href":"https:\/\/api.w.org\/{rel}","templated":true}]}}