{"id":31,"date":"2025-01-23T18:55:49","date_gmt":"2025-01-23T17:55:49","guid":{"rendered":"https:\/\/malenzoeortiz.com\/?p=31"},"modified":"2025-01-23T18:56:51","modified_gmt":"2025-01-23T17:56:51","slug":"el-padre-de-malen-ortiz-me-duele-que-se-diga-que-mi-hija-se-droga-en-son-banya-no-es-verdad-y-no-lo-consiento","status":"publish","type":"post","link":"https:\/\/malenzoeortiz.com\/index.php\/2025\/01\/23\/el-padre-de-malen-ortiz-me-duele-que-se-diga-que-mi-hija-se-droga-en-son-banya-no-es-verdad-y-no-lo-consiento\/","title":{"rendered":"El padre de Mal\u00e9n Ortiz: \u00abMe duele que se diga que mi hija se droga en Son Banya, no es verdad y no lo consiento\u00bb"},"content":{"rendered":"\n<p><em><a href=\"https:\/\/www.periodistadigital.com\/sin-categoria\/20131217\/padre-malen-ortiz-rb-duele-diga-hija-droga-son-banya-consiento-noticia-689400084379\/\" target=\"_blank\" rel=\"noopener\" title=\"\">Periodista Digital<\/a><\/em><\/p>\n\n\n\n<p>17 de diciembre de 2013<\/p>\n\n\n\n<p>El padre de Mal\u00e9n Ortiz, la joven de 15 a\u00f1os que se encuentra desaparecida desde el pasado 2 de diciembre de 2013, fecha en que se la vio por \u00faltima vez en Calvi\u00e0, est\u00e1 desesperado.<\/p>\n\n\n\n<p>En declaraciones a \u2018RB\u2019, Alejandro Ortiz ha se\u00f1alado que las \u00faltimas noticias que la sit\u00faan \u00abde pasada\u00bb en el poblado chabolista de Son Banya de Palma, m\u00e1s conocido \u00e7omo \u00abel s\u00faper de la droga\u00bb le desconciertan y enfadan cuanto menos, e ignora si la Polic\u00eda, tal y como se ha publicado en un medio local, ha irrumpido ya en dos ocasiones en el lugar en su busca:<\/p>\n\n\n\n<p>\u00abMe consta que hay un vecino de Son Banya que ha dicho haberla visto a bordo de un coche estos \u00faltimos d\u00edas, lo mismo que otra mucha gente que tambi\u00e9n aporta informaci\u00f3n con toda su buena intenci\u00f3n, pero son cosas que no est\u00e1n probadas, y me extra\u00f1a. De ah\u00ed a decir que mi hija se droga hay un trecho y no lo consiento. Me duele mucho que haya quien baraje esto o cosas asi. Es una ni\u00f1a de solo 15 a\u00f1os y esto hace da\u00f1o. Quiero agradecer de todas formas a Son Banya, donde tambi\u00e9n hemos colgado fotos de Mal\u00e9n, su inter\u00e9s\u00bb.<\/p>\n\n\n\n<h4 class=\"wp-block-heading\">Sin noticia alguna<\/h4>\n\n\n\n<p>Alejandro Ortiz no tiene ni la m\u00e1s m\u00ednima noticia en cuanto al paradero de Mal\u00e9n. Afirma no conocer los pasos de la Polic\u00eda y Guardia Civil, \u00abtodo est\u00e1 bajo secreto\u00bb, y agrega adem\u00e1s que desconoce el tema de registro en una casa de Palma:<\/p>\n\n\n\n<p>\u00abNo s\u00e9 nada. Le pido a mi hija que vuelva a casa, estoy muy mal de salud. Son ya 16 d\u00edas sin saber nada de ella y no puedo m\u00e1s. La tensi\u00f3n es insoportable. Yo no tuve con ella ninguna discusi\u00f3n fuerte, sino las cosas normales de cada d\u00eda. De hecho el d\u00eda anterior a su desaparici\u00f3n le ayud\u00e9 a arreglar unas cosas de su carnet de conducir, ya que hace poco le compr\u00e9 un coche. Espero que est\u00e9 bien, porque ya no s\u00e9 qu\u00e9 pensar\u00bb.<\/p>\n\n\n\n<h4 class=\"wp-block-heading\">\u00abLa chica est\u00e1 bien\u00bb<\/h4>\n\n\n\n<p>Este diario quiere hacerse eco por otra parte, y guardando todas las reservas dado el mal trance que est\u00e1 pasando la familia, de informaciones de toda solvencia llegadas a este digital que dan por hecho, \u00abcasi con total seguridad\u00bb, que se trata de una fuga voluntaria y de que Mal\u00e9n \u00abest\u00e1 bien\u00bb, aunque se ignora de momento cu\u00e1l es su paradero.<\/p>\n\n\n\n<p>Esperemos todos que pronto se resuelva esta extra\u00f1a desaparici\u00f3n.<\/p>\n","protected":false},"excerpt":{"rendered":"<p>Periodista Digital 17 de diciembre de 2013 El padre de Mal\u00e9n Ortiz, la joven de 15 a\u00f1os que se encuentra&hellip;<\/p>\n","protected":false},"author":1,"featured_media":0,"comment_status":"open","ping_status":"open","sticky":false,"template":"","format":"standard","meta":{"footnotes":""},"categories":[7],"tags":[18],"class_list":["post-31","post","type-post","status-publish","format-standard","hentry","category-noticias","tag-year-2013"],"_links":{"self":[{"href":"https:\/\/malenzoeortiz.com\/index.php\/wp-json\/wp\/v2\/posts\/31","targetHints":{"allow":["GET"]}}],"collection":[{"href":"https:\/\/malenzoeortiz.com\/index.php\/wp-json\/wp\/v2\/posts"}],"about":[{"href":"https:\/\/malenzoeortiz.com\/index.php\/wp-json\/wp\/v2\/types\/post"}],"author":[{"embeddable":true,"href":"https:\/\/malenzoeortiz.com\/index.php\/wp-json\/wp\/v2\/users\/1"}],"replies":[{"embeddable":true,"href":"https:\/\/malenzoeortiz.com\/index.php\/wp-json\/wp\/v2\/comments?post=31"}],"version-history":[{"count":1,"href":"https:\/\/malenzoeortiz.com\/index.php\/wp-json\/wp\/v2\/posts\/31\/revisions"}],"predecessor-version":[{"id":32,"href":"https:\/\/malenzoeortiz.com\/index.php\/wp-json\/wp\/v2\/posts\/31\/revisions\/32"}],"wp:attachment":[{"href":"https:\/\/malenzoeortiz.com\/index.php\/wp-json\/wp\/v2\/media?parent=31"}],"wp:term":[{"taxonomy":"category","embeddable":true,"href":"https:\/\/malenzoeortiz.com\/index.php\/wp-json\/wp\/v2\/categories?post=31"},{"taxonomy":"post_tag","embeddable":true,"href":"https:\/\/malenzoeortiz.com\/index.php\/wp-json\/wp\/v2\/tags?post=31"}],"curies":[{"name":"wp","href":"https:\/\/api.w.org\/{rel}","templated":true}]}}