{"id":46,"date":"2025-01-23T18:55:49","date_gmt":"2025-01-23T17:55:49","guid":{"rendered":"https:\/\/malenzoeortiz.com\/?p=46"},"modified":"2025-01-23T18:56:51","modified_gmt":"2025-01-23T17:56:51","slug":"las-pruebas-del-adn-descartan-que-haya-restos-de-malen-en-la-finca-de-sa-porrassa","status":"publish","type":"post","link":"https:\/\/malenzoeortiz.com\/index.php\/2025\/01\/23\/las-pruebas-del-adn-descartan-que-haya-restos-de-malen-en-la-finca-de-sa-porrassa\/","title":{"rendered":"Las pruebas del ADN descartan que haya restos de Mal\u00e9n en la finca de Sa Porrassa"},"content":{"rendered":"\n<p><em><a href=\"https:\/\/www.ultimahora.es\/sucesos\/ultimas\/2014\/01\/18\/116349\/pruebas-del-adn-descartan-haya-restos-malen-finca-porrassa.html\" target=\"_blank\" rel=\"noopener\" title=\"\">J. Jim\u00e9nez \u2013 UltimaHora.es<\/a><\/em><\/p>\n\n\n\n<p>18 de enero de 2014<\/p>\n\n\n\n<p>Tras dos semanas de ag\u00f3nica espera, ayer se conocieron los resultados de las pruebas del ADN practicadas por la Polic\u00eda Cient\u00edfica de la Guardia Civil en la finca de Sa Porrassa, y que se enviaron a un laboratorio nacional para buscar rastros de Mal\u00e9n Ortiz. Las conclusiones indican que los rastros analizados no se corresponden ni con la menor desaparecida ni con ninguno de sus familiares.<\/p>\n\n\n\n<p>La inspecci\u00f3n en la finca semi abandonada de Sa Porrassa fue exhaustiva y los investigadores pasaron horas recogiendo muestras. Mal\u00e9n, el pasado 2 de diciembre, se baj\u00f3 del autob\u00fas cerca de esa propiedad y comenz\u00f3 a caminar en direcci\u00f3n a Son Ferrer, donde deb\u00eda reunirse con su novio. Unas c\u00e1maras grabaron su paso por ese tramo, pero despu\u00e9s se le perdi\u00f3 la pista, hasta hoy. La \u00faltima llamada que hizo desde su tel\u00e9fono m\u00f3vil tambi\u00e9n la ubic\u00f3 all\u00ed, pero finalmente el aparato fue desconectado y ya no se activ\u00f3 m\u00e1s.<\/p>\n\n\n\n<h4 class=\"wp-block-heading\">Indicios<\/h4>\n\n\n\n<p>Con todos esos indicios, los agentes de la Polic\u00eda Judicial consideraron que exist\u00edan posibilidades de que Mal\u00e9n hubiera sido conducida a la fuerza hasta la finca semiabandonada, frecuentada por indigentes y okupas. Ahora, con los resultados obtenidos, se descarta esa hip\u00f3tesis y los investigadores tienen que replantearse c\u00f3mo seguir con el caso.<\/p>\n\n\n\n<p>La Guardia Civil tambi\u00e9n encuentra muy raro que no aparezca ni el monopat\u00edn ni la mochila de Mal\u00e9n, que la menor llevaba con ella cuando sali\u00f3 del colegio de Santa Pon\u00e7a para reunirse con su novio. Estos d\u00edas han llegado a la isla perros adiestrados de la Pen\u00ednsula, que han rastreado algunas zonas, sin resultado alguno. Tambi\u00e9n est\u00e1n trabajando sobre el terreno un equipo de psic\u00f3logos llegados tambi\u00e9n desde fuera de Mallorca, y que se est\u00e1n entrevistando con personas del entorno de Mal\u00e9n para conocer cu\u00e1les eran sus problemas.<\/p>\n","protected":false},"excerpt":{"rendered":"<p>J. Jim\u00e9nez \u2013 UltimaHora.es 18 de enero de 2014 Tras dos semanas de ag\u00f3nica espera, ayer se conocieron los resultados&hellip;<\/p>\n","protected":false},"author":1,"featured_media":0,"comment_status":"open","ping_status":"open","sticky":false,"template":"","format":"standard","meta":{"footnotes":""},"categories":[7],"tags":[19],"class_list":["post-46","post","type-post","status-publish","format-standard","hentry","category-noticias","tag-year-2014"],"_links":{"self":[{"href":"https:\/\/malenzoeortiz.com\/index.php\/wp-json\/wp\/v2\/posts\/46","targetHints":{"allow":["GET"]}}],"collection":[{"href":"https:\/\/malenzoeortiz.com\/index.php\/wp-json\/wp\/v2\/posts"}],"about":[{"href":"https:\/\/malenzoeortiz.com\/index.php\/wp-json\/wp\/v2\/types\/post"}],"author":[{"embeddable":true,"href":"https:\/\/malenzoeortiz.com\/index.php\/wp-json\/wp\/v2\/users\/1"}],"replies":[{"embeddable":true,"href":"https:\/\/malenzoeortiz.com\/index.php\/wp-json\/wp\/v2\/comments?post=46"}],"version-history":[{"count":1,"href":"https:\/\/malenzoeortiz.com\/index.php\/wp-json\/wp\/v2\/posts\/46\/revisions"}],"predecessor-version":[{"id":47,"href":"https:\/\/malenzoeortiz.com\/index.php\/wp-json\/wp\/v2\/posts\/46\/revisions\/47"}],"wp:attachment":[{"href":"https:\/\/malenzoeortiz.com\/index.php\/wp-json\/wp\/v2\/media?parent=46"}],"wp:term":[{"taxonomy":"category","embeddable":true,"href":"https:\/\/malenzoeortiz.com\/index.php\/wp-json\/wp\/v2\/categories?post=46"},{"taxonomy":"post_tag","embeddable":true,"href":"https:\/\/malenzoeortiz.com\/index.php\/wp-json\/wp\/v2\/tags?post=46"}],"curies":[{"name":"wp","href":"https:\/\/api.w.org\/{rel}","templated":true}]}}