{"id":57,"date":"2025-01-23T18:56:06","date_gmt":"2025-01-23T17:56:06","guid":{"rendered":"https:\/\/malenzoeortiz.com\/?p=57"},"modified":"2025-01-23T18:56:41","modified_gmt":"2025-01-23T17:56:41","slug":"denuncian-varios-movimientos-en-el-facebook-de-malen","status":"publish","type":"post","link":"https:\/\/malenzoeortiz.com\/index.php\/2025\/01\/23\/denuncian-varios-movimientos-en-el-facebook-de-malen\/","title":{"rendered":"Denuncian varios movimientos en el Facebook de Mal\u00e9n"},"content":{"rendered":"\n<p><em><a href=\"https:\/\/www.elmundo.es\/baleares\/2014\/03\/06\/53187a02268e3ee2508b457f.html\" target=\"_blank\" rel=\"noopener\" title=\"\">J. Mora \u2013 Elmundo.es<\/a><\/em><\/p>\n\n\n\n<p>6 de marzo de 2014<\/p>\n\n\n\n<p>La cuenta personal de Mal\u00e9n Zoe Ortiz en Facebook ha registrado movimientos durante las \u00faltimas semanas. As\u00ed se ha podido comprobar desde el entorno de la joven, y as\u00ed lo ha denunciado su padre ante la Guardia Civil. En concreto, se han aceptado diversas solicitudes de amistad a trav\u00e9s de la red social, una \u00abactividad reciente\u00bb que no ha pasado desapercibida para quienes siguen con angustia el transcurrir de los d\u00edas sin que se tengan noticias de la chica de 15 a\u00f1os.<\/p>\n\n\n\n<p>De hecho se cumplir\u00e1n pronto los primeros 100 d\u00edas desde que el pasado 2 de diciembre Mal\u00e9n Ortiz desapareciese sin dejar rastro alguno. Para recordarla, y para reclamar que se mantenga el caso abierto y la investigaci\u00f3n en marcha, el pasado domingo se reunieron cerca de 200 personas en la rotonda de Piratas, en Magaluf. Desde all\u00ed salieron en direcci\u00f3n a Son Ferrer, siguiendo exactamente los mismos pasos que debi\u00f3 caminar la joven aquella tarde tras bajar del autob\u00fas de transporte escolar.<\/p>\n\n\n\n<p>Hace m\u00e1s de un mes que la investigaci\u00f3n abandon\u00f3 la b\u00fasqueda sobre el terreno para tratar de dar con el paradero de la menor por otras v\u00edas. No en vano, varios equipos de la Guardia Civil y posteriormente voluntarios de Protecci\u00f3n Civil hab\u00edan peinado durante largas jornadas diversas \u00e1reas del municipio, especialmente en Magaluf y Son Ferrer, sin hallar ning\u00fan indicio que pudiera conducir hasta la joven.<\/p>\n\n\n\n<p>Alejandro Ortiz ha insistido desde el primer momento de la desaparici\u00f3n de su hija en reclamar la ayuda ciudadana para poder arrojar algo de luz al caso, definido como \u00abmuy complicado\u00bb por mandos directivos de la Benem\u00e9rita. A\u00fan as\u00ed siempre se ha insistido desde el Instituto Armado en que no se iba a abandonar la b\u00fasqueda de Mal\u00e9n Zoe, cuya imagen est\u00e1 colgada en m\u00e1s de 50.000 fotograf\u00edas repartidas durante los \u00faltimos meses por toda Mallorca.<\/p>\n\n\n\n<p>El padre de Mal\u00e9n ha iniciado tambi\u00e9n una recogida de firmas para instar a las autoridades a mantener intactos los esfuerzos por dar con su hija, y conf\u00eda en que no se abandone la b\u00fasqueda mientras no se averig\u00fce qu\u00e9 sucedi\u00f3 aquella tarde.<\/p>\n","protected":false},"excerpt":{"rendered":"<p>J. Mora \u2013 Elmundo.es 6 de marzo de 2014 La cuenta personal de Mal\u00e9n Zoe Ortiz en Facebook ha registrado&hellip;<\/p>\n","protected":false},"author":1,"featured_media":0,"comment_status":"open","ping_status":"open","sticky":false,"template":"","format":"standard","meta":{"footnotes":""},"categories":[7],"tags":[19],"class_list":["post-57","post","type-post","status-publish","format-standard","hentry","category-noticias","tag-year-2014"],"_links":{"self":[{"href":"https:\/\/malenzoeortiz.com\/index.php\/wp-json\/wp\/v2\/posts\/57","targetHints":{"allow":["GET"]}}],"collection":[{"href":"https:\/\/malenzoeortiz.com\/index.php\/wp-json\/wp\/v2\/posts"}],"about":[{"href":"https:\/\/malenzoeortiz.com\/index.php\/wp-json\/wp\/v2\/types\/post"}],"author":[{"embeddable":true,"href":"https:\/\/malenzoeortiz.com\/index.php\/wp-json\/wp\/v2\/users\/1"}],"replies":[{"embeddable":true,"href":"https:\/\/malenzoeortiz.com\/index.php\/wp-json\/wp\/v2\/comments?post=57"}],"version-history":[{"count":1,"href":"https:\/\/malenzoeortiz.com\/index.php\/wp-json\/wp\/v2\/posts\/57\/revisions"}],"predecessor-version":[{"id":58,"href":"https:\/\/malenzoeortiz.com\/index.php\/wp-json\/wp\/v2\/posts\/57\/revisions\/58"}],"wp:attachment":[{"href":"https:\/\/malenzoeortiz.com\/index.php\/wp-json\/wp\/v2\/media?parent=57"}],"wp:term":[{"taxonomy":"category","embeddable":true,"href":"https:\/\/malenzoeortiz.com\/index.php\/wp-json\/wp\/v2\/categories?post=57"},{"taxonomy":"post_tag","embeddable":true,"href":"https:\/\/malenzoeortiz.com\/index.php\/wp-json\/wp\/v2\/tags?post=57"}],"curies":[{"name":"wp","href":"https:\/\/api.w.org\/{rel}","templated":true}]}}