{"id":74,"date":"2025-01-23T18:56:06","date_gmt":"2025-01-23T17:56:06","guid":{"rendered":"https:\/\/malenzoeortiz.com\/?p=74"},"modified":"2025-01-23T18:56:41","modified_gmt":"2025-01-23T17:56:41","slug":"la-vida-en-el-infierno-de-malen","status":"publish","type":"post","link":"https:\/\/malenzoeortiz.com\/index.php\/2025\/01\/23\/la-vida-en-el-infierno-de-malen\/","title":{"rendered":"La vida en el infierno de Mal\u00e9n"},"content":{"rendered":"\n<p><em><a href=\"https:\/\/www.elmundo.es\/baleares\/2014\/08\/06\/53e1cadb22601dfd7e8b456b.html\" target=\"_blank\" rel=\"noopener\" title=\"\">Robert Mena \u2013 Elmundo.es<\/a><\/em><\/p>\n\n\n\n<p>6 de agosto de 2014<\/p>\n\n\n\n<p>Ocho meses despu\u00e9s de su desaparici\u00f3n, la Guardia Civil sigue investigando el caso de la joven Mal\u00e9n Zoe Ortiz. La reciente detenci\u00f3n de su padre, acusado de un presunto delito de malos tratos f\u00edsicos y psicol\u00f3gicos, ha vuelto a situar a Alejandro Ortiz en el ojo del hurac\u00e1n. En este sentido, la Benem\u00e9rita est\u00e1 estudiando como una l\u00ednea m\u00e1s de investigaci\u00f3n las palabras vertidas por la adolescente en la red social ask.com.<\/p>\n\n\n\n<p>All\u00ed, bajo el perfil Malenzoe, la estudiante del IES Calvi\u00e0 recib\u00eda la siguiente pregunta: \u00abAlguna vez tus padres te han dado una paliza frente a tus amigos o familiares\u2026?\u00bb. Su respuesta en la red social fue la siguiente: \u00abNo. Mi padre siempre espera a que estemos solos\u00bb. Es s\u00f3lo un extracto de las palabras de Mal\u00e9n recogidas por los investigadores de la Guardia Civil.<\/p>\n\n\n\n<p>De hecho, tres personas muy cercanas a la chica han explicado que la joven recib\u00eda malos tratos de manera frecuente por parte de su padre, tanto f\u00edsicos como psicol\u00f3gicos. Seg\u00fan ellos, la desaparecida quer\u00eda abandonar a su padre porque \u00abno pod\u00eda m\u00e1s\u00bb y no dejaba el hogar familiar porque ten\u00eda \u00abmiedo\u00bb de lo que le pudiese pasar a su hermano Bruno.<\/p>\n\n\n\n<p>El primer relato de malos tratos sobre Mal\u00e9n data de cuando ella ten\u00eda entre 12 o 13 a\u00f1os. Seg\u00fan cuenta una persona muy cercana a ella, la joven desaparecida fue pillada por su padre en la cama manteniendo relaciones sexuales con un chico. Al verlo, Alejandro Ortiz habr\u00eda propinado presuntamente una paliza tal a su hija que \u00e9sta habr\u00eda acabado en el centro de salud de Santa Pon\u00e7a (Mallorca). Ese mismo relato sostiene que al salir del PAC habr\u00edan seguido las bofetadas del padre para obligar a la chica a meterse en el coche.<\/p>\n\n\n\n<p>Seg\u00fan narra este allegado, el problema de Mal\u00e9n no era con las drogas, como se ha podido insinuar, sino la temprana edad a la que hab\u00eda tenido relaciones sexuales, lo cual se habr\u00eda convertido en uno de los principales conflictos que manten\u00eda con su padre.<\/p>\n\n\n\n<p>La segunda persona cercana a Mal\u00e9n va a\u00fan m\u00e1s all\u00e1 y explica que los malos tratos no eran en absoluto un hecho aislado. \u00abHab\u00eda \u00e9pocas muy buenas, aunque otras eran bastante malas\u00bb, subraya esta fuente an\u00f3nima, seg\u00fan la cual las agresiones de Alejandro Ortiz hacia la peque\u00f1a eran \u00abconstantes\u00bb. Eso s\u00ed, \u00absu padre sab\u00eda c\u00f3mo ten\u00eda que pegarle para no dejar huella alguna de los malos tratos\u00bb.<\/p>\n\n\n\n<p>Esta persona de confianza de Mal\u00e9n define a su amiga como un ser \u00abmaravilloso\u00bb, aunque la gente de su edad \u00abno sab\u00eda comprenderla\u00bb porque, en su opini\u00f3n, \u00abno hac\u00edan ese esfuerzo\u00bb. Una tercera persona tambi\u00e9n allegada a la joven y a su familia confirma los malos tratos f\u00edsicos y psicol\u00f3gicos al tiempo que asegura temer por Bruno, hermano menor de Mal\u00e9n y actualmente bajo custodia de Alejandro Ortiz. Esta fuente relata una de las palizas que el progenitor propin\u00f3 a su propia hija, cuando en un momento de \u00abfuerte baj\u00f3n\u00bb por parte de la chica escribi\u00f3 una carta de suicidio. Cuando el padre descubri\u00f3 la nota, amenaz\u00f3 a Mal\u00e9n con un cuchillo, a\u00f1adiendo: \u00abSi te quieres suicidar te mato yo y ya est\u00e1\u00bb. Mientras, el hermano peque\u00f1o se encontraba tumbado en la cama, suplicando a su padre que no lo hiciera. Explica esta persona que Mal\u00e9n \u00abno pod\u00eda soportar la convivencia con su padre\u00bb, pero aguant\u00f3 todo el tiempo que pudo bajo el mismo techo \u00abpara proteger a su hermano\u00bb. Del mismo modo, el entorno de la menor trat\u00f3 de defenderla de la violencia ejercida por Alejandro Ortiz, pero todos los esfuerzos \u00abresultaron in\u00fatiles\u00bb.<\/p>\n\n\n\n<p>Todas las fuentes consultadas por este diario destacan que el padre de Mal\u00e9n Zoe \u00abno se f\u00eda de nadie\u00bb y \u00abtiene controladas\u00bb a todas las personas que rodeaban a su hija para asegurarse de que no le perjudican con sus declaraciones.<\/p>\n\n\n\n<p>Seg\u00fan estas versiones, la Guardia Civil est\u00e1 al corriente hace ya tiempo de los malos tratos que sufr\u00eda Mal\u00e9n en su casa, pero ha tratado de evitar que saliera a la luz p\u00fablica para no interferir en la investigaci\u00f3n, que acumula ya ocho meses de trabajo sin apenas ning\u00fan resultado.<\/p>\n\n\n\n<p>Alejandro Ortiz fue detenido el pasado 23 de julio acusado de presuntos malos tratos sobre dos mujeres, madre e hija. Tras prestar declaraci\u00f3n, el juez de guardia le pondr\u00eda en libertad condicional antes de inhibirse a favor de un juzgado especializado en violencia sobre la mujer. Ortiz se defiende asegurando que fue \u00abextorsionado\u00bb por las denunciantes.<\/p>\n","protected":false},"excerpt":{"rendered":"<p>Robert Mena \u2013 Elmundo.es 6 de agosto de 2014 Ocho meses despu\u00e9s de su desaparici\u00f3n, la Guardia Civil sigue investigando&hellip;<\/p>\n","protected":false},"author":1,"featured_media":0,"comment_status":"open","ping_status":"open","sticky":false,"template":"","format":"standard","meta":{"footnotes":""},"categories":[7],"tags":[19],"class_list":["post-74","post","type-post","status-publish","format-standard","hentry","category-noticias","tag-year-2014"],"_links":{"self":[{"href":"https:\/\/malenzoeortiz.com\/index.php\/wp-json\/wp\/v2\/posts\/74","targetHints":{"allow":["GET"]}}],"collection":[{"href":"https:\/\/malenzoeortiz.com\/index.php\/wp-json\/wp\/v2\/posts"}],"about":[{"href":"https:\/\/malenzoeortiz.com\/index.php\/wp-json\/wp\/v2\/types\/post"}],"author":[{"embeddable":true,"href":"https:\/\/malenzoeortiz.com\/index.php\/wp-json\/wp\/v2\/users\/1"}],"replies":[{"embeddable":true,"href":"https:\/\/malenzoeortiz.com\/index.php\/wp-json\/wp\/v2\/comments?post=74"}],"version-history":[{"count":1,"href":"https:\/\/malenzoeortiz.com\/index.php\/wp-json\/wp\/v2\/posts\/74\/revisions"}],"predecessor-version":[{"id":75,"href":"https:\/\/malenzoeortiz.com\/index.php\/wp-json\/wp\/v2\/posts\/74\/revisions\/75"}],"wp:attachment":[{"href":"https:\/\/malenzoeortiz.com\/index.php\/wp-json\/wp\/v2\/media?parent=74"}],"wp:term":[{"taxonomy":"category","embeddable":true,"href":"https:\/\/malenzoeortiz.com\/index.php\/wp-json\/wp\/v2\/categories?post=74"},{"taxonomy":"post_tag","embeddable":true,"href":"https:\/\/malenzoeortiz.com\/index.php\/wp-json\/wp\/v2\/tags?post=74"}],"curies":[{"name":"wp","href":"https:\/\/api.w.org\/{rel}","templated":true}]}}