{"id":78,"date":"2025-01-23T18:55:49","date_gmt":"2025-01-23T17:55:49","guid":{"rendered":"https:\/\/malenzoeortiz.com\/?p=78"},"modified":"2025-01-23T18:56:41","modified_gmt":"2025-01-23T17:56:41","slug":"malen-un-ano-de-misterio","status":"publish","type":"post","link":"https:\/\/malenzoeortiz.com\/index.php\/2025\/01\/23\/malen-un-ano-de-misterio\/","title":{"rendered":"Mal\u00e9n, un a\u00f1o de misterio"},"content":{"rendered":"\n<p><em><a href=\"https:\/\/www.diariodemallorca.es\/sucesos\/2014\/11\/30\/malen-ano-misterio-3783410.html\" target=\"_blank\" rel=\"noopener\" title=\"\">Marcos Oll\u00e9s \u2013 Diario de Mallorca<\/a><\/em><\/p>\n\n\n\n<p>30 de noviembre de 2014<\/p>\n\n\n\n<p>\u00abMe he dejado las llaves en casa. Voy a comer con Dani\u00bb. Son las tres y media de la tarde del 2 de diciembre de 2013. Mal\u00e9n Ortiz, de 15 a\u00f1os, acaba de bajarse del autob\u00fas escolar en Magaluf y llama a una empleada de su padre para decirle que en vez de a su domicilio de Cala Vinyes se dirige al de su novio, en Son Ferrer. Pero la adolescente no lleg\u00f3 a completar el trayecto, de algo m\u00e1s de tres kil\u00f3metros. Su rastro se perdi\u00f3 a medio camino, cuando caminaba tranquilamente por la zona de Sa Porrassa. Una c\u00e1mara de seguridad la grab\u00f3 all\u00ed y desde entonces no ha vuelto a saberse de ella. Su desaparici\u00f3n, que la Guardia Civil consider\u00f3 \u00abinquietante\u00bb&nbsp;desde el primer momento, provoc\u00f3 la mayor b\u00fasqueda de los \u00faltimos tiempos en Mallorca y el grupo de Homicidios se ha volcado en el caso, que un a\u00f1o despu\u00e9s sigue teniendo m\u00e1s preguntas que respuestas.<\/p>\n\n\n\n<p>Fue el padre de Mal\u00e9n, Alejandro Ortiz, quien dio la voz de alarma esa misma noche y explic\u00f3 que su hija nunca se hab\u00eda retrasado para volver a casa. Un testigo asegur\u00f3 que la hab\u00eda visto por la tarde en un mercadillo navide\u00f1o junto a un joven sin identificar, una pista que perdi\u00f3 consistencia poco despu\u00e9s. La Guardia Civil y la Polic\u00eda Local de Calvi\u00e0 empezaron enseguida a dar batidas por la zona y en los d\u00edas siguientes se organiz\u00f3 un enorme dispositivo de b\u00fasqueda. Decenas de agentes y bomberos con perros adiestrados y voluntarios de Protecci\u00f3n Civil peinaron amplias zonas de Son Ferrer, Magaluf y Santa Pon\u00e7a durante toda la semana. La b\u00fasqueda se fren\u00f3 sin obtener resultados.<\/p>\n\n\n\n<p>La principal hip\u00f3tesis que baraj\u00f3 inicialmente la Guardia Civil apuntaba a que Mal\u00e9n se hab\u00eda fugado. Tres d\u00edas despu\u00e9s de su desaparici\u00f3n, Alejandro Ortiz difundi\u00f3 en Internet un v\u00eddeo en el que, junto a su otro hijo de 12 a\u00f1os y varios amigos de la menor, le ped\u00eda que volviera a casa. \u00abErrores cometemos todos. Est\u00e1s perdonada, todo se arregla hablando\u00bb, dec\u00eda Ortiz. Tambi\u00e9n su madre, Natalia Rodr\u00edguez, hizo un llamamiento para que regresara. \u00abSi tu desaparici\u00f3n es voluntaria porque no aguantas m\u00e1s a tu padre, ac\u00e1 est\u00e1 tu mam\u00e1\u00bb, le dec\u00eda.<\/p>\n\n\n\n<p>No parec\u00eda descabellado que Mal\u00e9n hubiera puesto tierra de por medio ante una situaci\u00f3n familiar que ella misma defin\u00eda como \u00abmuy dif\u00edcil\u00bb. La menor naci\u00f3 en Argentina, de donde son sus padres, y la familia se mud\u00f3 a Mallorca cuando Mal\u00e9n ten\u00eda cinco a\u00f1os. Alejandro Ortiz y Natalia Rodr\u00edguez se separaron poco despu\u00e9s. La madre se qued\u00f3 con los peque\u00f1os hasta hace algo m\u00e1s de tres a\u00f1os, cuando ambos se fueron a vivir con el padre.<\/p>\n\n\n\n<p>La propia Mal\u00e9n, que confesaba haber tenido problemas \u00abcon las drogas\u00bb, relataba en Internet que su madre los&nbsp;\u00abech\u00f3 de casa\u00bb cuando ella ten\u00eda 12 a\u00f1os y dedicaba duras palabras a la mujer. Sobre Alejandro Ortiz afirmaba que \u00abtiene mal car\u00e1cter\u00bb y que sol\u00edan tener&nbsp;\u00abbroncas\u00bb por asuntos dom\u00e9sticos. Sin embargo, narraba tambi\u00e9n momentos de afecto entre ambos.<\/p>\n\n\n\n<p>La Guardia Civil se centr\u00f3 en buscar el escondite de Mal\u00e9n e investig\u00f3 en su c\u00edrculo de amistades y familiares. Mientras su padre empapelaba toda la isla con 10.000 carteles, los investigadores reanudaron las b\u00fasquedas sobre el terreno durante varias semanas, esta vez incluso con barcos que rastrearon la costa. El Ico, hijo de La Paca, la matriarca de Son Banya, ofreci\u00f3 p\u00fablicamente 3.500 euros a quien diera una pista fiable sobre su paradero y el padre puso otros 80.000 sobre la mesa. Todo fue en balde y los agentes empezaron a pensar que era muy dif\u00edcil que una menor de 15 a\u00f1os pudiera pasar tanto tiempo huida sin ser descubierta. Durante la b\u00fasqueda se encontraron algunas muestras, desechadas por irrelevantes tras ser analizadas en el laboratorio.<\/p>\n\n\n\n<p>A principios de enero, cuando la hip\u00f3tesis de la desaparici\u00f3n forzosa ganaba enteros, los investigadores inspeccionaron al mil\u00edmetro un casa abandonada junto al lugar donde Mal\u00e9n fue vista por \u00faltima vez. El inmueble era frecuentado por j\u00f3venes de la zona y all\u00ed se hab\u00eda instalado un hombre que levant\u00f3 las sospechas de la Guardia Civil. Psic\u00f3logos del instituto armado se entrevistaron con \u00e9l y perros adiestrados y expertos del laboratorio de Criminal\u00edstica escudri\u00f1aron el lugar en busca de indicios. Los resultados fueron frustrantes. Tambi\u00e9n la vivienda del novio de Mal\u00e9n, donde dijo que iba a comer, fue inspeccionada a fondo sin resultado.<\/p>\n\n\n\n<p>Los investigadores creyeron estar muy cerca de resolver el caso en marzo, cuando descubrieron que alguien estaba conect\u00e1ndose a las cuentas de Facebook y de correo electr\u00f3nico de la menor desaparecida. Localizaron el lugar desde el que se realizaban las conexiones, una vivienda de Son Sardina que fue registrada por un equipo llegado expresamente de Madrid. Lo que parec\u00eda una pista s\u00f3lida se desvaneci\u00f3 enseguida. Una adolescente que quer\u00eda&nbsp;\u00abayudar\u00bb a localizar a Mal\u00e9n hab\u00eda pirateado sus cuentas.<\/p>\n\n\n\n<p>Esa fue la \u00faltima actuaci\u00f3n de la Guardia Civil que trascendi\u00f3. El grupo de Homicidios sigue trabajando y mantiene abiertas varias l\u00edneas de investigaci\u00f3n, pero todas parecen desembocar en un callej\u00f3n sin salida. El caso \u00abest\u00e1 casi como el primer d\u00eda\u00bb, reconoce una fuente conocedora de las pesquisas.<\/p>\n\n\n\n<p>Hoy a las cinco y media de la tarde se ha convocado una nueva concentraci\u00f3n en el pinar de Santa Pon\u00e7a para&nbsp;\u00abrendirle un homenaje\u00bb a Mal\u00e9n y pedir que el caso no caiga en el olvido. Porque alguien, en alg\u00fan lugar, sabe lo que pas\u00f3.<\/p>\n","protected":false},"excerpt":{"rendered":"<p>Marcos Oll\u00e9s \u2013 Diario de Mallorca 30 de noviembre de 2014 \u00abMe he dejado las llaves en casa. Voy a&hellip;<\/p>\n","protected":false},"author":1,"featured_media":0,"comment_status":"open","ping_status":"open","sticky":false,"template":"","format":"standard","meta":{"footnotes":""},"categories":[7],"tags":[19],"class_list":["post-78","post","type-post","status-publish","format-standard","hentry","category-noticias","tag-year-2014"],"_links":{"self":[{"href":"https:\/\/malenzoeortiz.com\/index.php\/wp-json\/wp\/v2\/posts\/78","targetHints":{"allow":["GET"]}}],"collection":[{"href":"https:\/\/malenzoeortiz.com\/index.php\/wp-json\/wp\/v2\/posts"}],"about":[{"href":"https:\/\/malenzoeortiz.com\/index.php\/wp-json\/wp\/v2\/types\/post"}],"author":[{"embeddable":true,"href":"https:\/\/malenzoeortiz.com\/index.php\/wp-json\/wp\/v2\/users\/1"}],"replies":[{"embeddable":true,"href":"https:\/\/malenzoeortiz.com\/index.php\/wp-json\/wp\/v2\/comments?post=78"}],"version-history":[{"count":1,"href":"https:\/\/malenzoeortiz.com\/index.php\/wp-json\/wp\/v2\/posts\/78\/revisions"}],"predecessor-version":[{"id":79,"href":"https:\/\/malenzoeortiz.com\/index.php\/wp-json\/wp\/v2\/posts\/78\/revisions\/79"}],"wp:attachment":[{"href":"https:\/\/malenzoeortiz.com\/index.php\/wp-json\/wp\/v2\/media?parent=78"}],"wp:term":[{"taxonomy":"category","embeddable":true,"href":"https:\/\/malenzoeortiz.com\/index.php\/wp-json\/wp\/v2\/categories?post=78"},{"taxonomy":"post_tag","embeddable":true,"href":"https:\/\/malenzoeortiz.com\/index.php\/wp-json\/wp\/v2\/tags?post=78"}],"curies":[{"name":"wp","href":"https:\/\/api.w.org\/{rel}","templated":true}]}}