{"id":80,"date":"2025-01-23T18:55:49","date_gmt":"2025-01-23T17:55:49","guid":{"rendered":"https:\/\/malenzoeortiz.com\/?p=80"},"modified":"2025-01-23T18:56:41","modified_gmt":"2025-01-23T17:56:41","slug":"la-guardia-civil-inspecciona-un-solar-de-son-ferrer-por-el-caso-malen","status":"publish","type":"post","link":"https:\/\/malenzoeortiz.com\/index.php\/2025\/01\/23\/la-guardia-civil-inspecciona-un-solar-de-son-ferrer-por-el-caso-malen\/","title":{"rendered":"La Guardia Civil inspecciona un solar de Son Ferrer por el \u00abcaso Mal\u00e9n\u00bb"},"content":{"rendered":"\n<p><em><a href=\"https:\/\/www.ultimahora.es\/sucesos\/ultimas\/2015\/09\/25\/162542\/guardia-civil-inspecciona-solar-son-ferrer-por-caso-malen.html\" target=\"_blank\" rel=\"noopener\" title=\"\">J. Jim\u00e9nez \u2013 UltimaHora.es<\/a><\/em><\/p>\n\n\n\n<p>25 de septiembre de 2015<\/p>\n\n\n\n<p>La Guardia Civil se despleg\u00f3 este viernes por la ma\u00f1ana de forma discreta en un solar en obras de la urbanizaci\u00f3n de Son Ferrer, en Calvi\u00e0, por si aparec\u00eda alguna pista que arrojara luz sobre la desaparici\u00f3n de Mal\u00e9n Zoe Ortiz, la adolescente de la que no se tienen noticias desde diciembre de 2013.<\/p>\n\n\n\n<p>El descampado est\u00e1 ubicado detr\u00e1s de la gasolinera de Son Ferrer, muy cerca de por donde se ubica por \u00faltima vez a Mal\u00e9n, aquel 2 de diciembre. En su d\u00eda, ya fue inspeccionado de forma minuciosa, y no se hallaron indicios. Pero ahora se est\u00e1n llevando a cabo movimientos de tierra en esa solar, por parte de una empresa privada, y este viernes por la ma\u00f1ana, a primera hora, la Guardia Civil control\u00f3 la zona.<\/p>\n\n\n\n<p>Hasta ese lugar se desplazaron agentes del GREIM (Grupo de Rescate e Intervenci\u00f3n en Monta\u00f1a), la Polic\u00eda Judicial y agentes del puesto de Calvi\u00e0. Los funcionarios s\u00f3lo controlaron que no surgiera ninguna pista de la joven, pero lo hicieron de forma discreta, para no levantar sospechas entre el vecindario.<\/p>\n","protected":false},"excerpt":{"rendered":"<p>J. Jim\u00e9nez \u2013 UltimaHora.es 25 de septiembre de 2015 La Guardia Civil se despleg\u00f3 este viernes por la ma\u00f1ana de&hellip;<\/p>\n","protected":false},"author":1,"featured_media":0,"comment_status":"open","ping_status":"open","sticky":false,"template":"","format":"standard","meta":{"footnotes":""},"categories":[7],"tags":[20],"class_list":["post-80","post","type-post","status-publish","format-standard","hentry","category-noticias","tag-year-2015"],"_links":{"self":[{"href":"https:\/\/malenzoeortiz.com\/index.php\/wp-json\/wp\/v2\/posts\/80","targetHints":{"allow":["GET"]}}],"collection":[{"href":"https:\/\/malenzoeortiz.com\/index.php\/wp-json\/wp\/v2\/posts"}],"about":[{"href":"https:\/\/malenzoeortiz.com\/index.php\/wp-json\/wp\/v2\/types\/post"}],"author":[{"embeddable":true,"href":"https:\/\/malenzoeortiz.com\/index.php\/wp-json\/wp\/v2\/users\/1"}],"replies":[{"embeddable":true,"href":"https:\/\/malenzoeortiz.com\/index.php\/wp-json\/wp\/v2\/comments?post=80"}],"version-history":[{"count":1,"href":"https:\/\/malenzoeortiz.com\/index.php\/wp-json\/wp\/v2\/posts\/80\/revisions"}],"predecessor-version":[{"id":81,"href":"https:\/\/malenzoeortiz.com\/index.php\/wp-json\/wp\/v2\/posts\/80\/revisions\/81"}],"wp:attachment":[{"href":"https:\/\/malenzoeortiz.com\/index.php\/wp-json\/wp\/v2\/media?parent=80"}],"wp:term":[{"taxonomy":"category","embeddable":true,"href":"https:\/\/malenzoeortiz.com\/index.php\/wp-json\/wp\/v2\/categories?post=80"},{"taxonomy":"post_tag","embeddable":true,"href":"https:\/\/malenzoeortiz.com\/index.php\/wp-json\/wp\/v2\/tags?post=80"}],"curies":[{"name":"wp","href":"https:\/\/api.w.org\/{rel}","templated":true}]}}