{"id":88,"date":"2025-01-23T18:55:49","date_gmt":"2025-01-23T17:55:49","guid":{"rendered":"https:\/\/malenzoeortiz.com\/?p=88"},"modified":"2025-01-23T18:56:41","modified_gmt":"2025-01-23T17:56:41","slug":"la-madre-de-malen-ortiz-pide-un-protocolo-ante-las-desapariciones","status":"publish","type":"post","link":"https:\/\/malenzoeortiz.com\/index.php\/2025\/01\/23\/la-madre-de-malen-ortiz-pide-un-protocolo-ante-las-desapariciones\/","title":{"rendered":"La madre de Mal\u00e9n Ortiz pide \u00abun protocolo\u00bb ante las desapariciones"},"content":{"rendered":"\n<p><a href=\"https:\/\/www.ultimahora.es\/sucesos\/ultimas\/2016\/03\/09\/181016\/madre-malen-ortiz-pide-protocolo-ante-desapariciones.html\" target=\"_blank\" rel=\"noopener\" title=\"\">EFE &#8211; Ultima Hora<\/a><\/p>\n\n\n\n<p>9 de marzo de 2016<\/p>\n\n\n\n<p>Natalia Rodr\u00edguez, la madre de\u00a0Mal\u00e9n Ortiz, ha reivindicado este mi\u00e9rcoles en Madrid el derecho de las personas desaparecidas y sus familias, y \u00abun protocolo consensuado y conjunto de todos los cuerpos de seguridad\u00bb ante esta problem\u00e1tica en Espa\u00f1a, donde desaparecen un promedio de\u00a0dos personas al d\u00eda.<\/p>\n\n\n\n<p>Rodr\u00edguez, cuya hija\u00a0desapareci\u00f3 hace 27 meses\u00a0en Calvi\u00e0, ha sido la encargada de leer un texto durante la concentraci\u00f3n que se ha celebrado a las puertas del CaixaF\u00f3rum de Madrid convocada por la Fundaci\u00f3n Europea por las Personas Desaparecidas,\u00a0QSDGlobal\u00a0en d\u00eda en que se les recuerda.<\/p>\n\n\n\n<p>La madre de Malen ha se\u00f1alado que cada a\u00f1o desaparecen en Espa\u00f1a unas\u00a010.000 personas; y si bien la mayor\u00eda aparece en pocos d\u00edas, aproximadamente el 8 % \u00abdesaparecer\u00e1 sin dejar rastro alguno\u00bb.<\/p>\n\n\n\n<p>Para Rodr\u00edguez \u00abes un esc\u00e1ndalo social que 773 personas, entre ellos menores de edad, desaparezcan como si la tierra se los hubiese tragado,\u00a0se mire hacia otro lado\u00a0y nadie haga nada\u00bb.<\/p>\n\n\n\n<p>\u00abNuestros desaparecidos no son un n\u00famero, ni son un problema familiar, es un problema social y por tanto las instituciones tienen la obligaci\u00f3n de dar respuestas y buscar soluciones a esta realidad social\u00bb, ha se\u00f1alado en su manifiesto.<\/p>\n\n\n\n<p>Natalia ha alertado de que \u00abla desaparici\u00f3n de un familiar no esquiva a nadie\u00bb y ha aludid a los casos de sustracciones parentales, donde las v\u00edctimas son \u00abni\u00f1os inocentes\u00a0que se quedan sin su otra parte familiar, de donde es arrancado brutalmente, y tanto el menor como su otra la familia quedan desamparados\u00bb.<\/p>\n\n\n\n<p>Ha preguntado por qu\u00e9 en estos casos no se aplica \u00abel convenio de La Haya\u00bb, ya que \u00abtanto los derechos del menor y humanos est\u00e1n abandonados por todas las instituciones, tanto espa\u00f1olas como extranjeras\u00bb.<\/p>\n\n\n\n<p>La \u00abpesadilla\u00bb de la desaparici\u00f3n supone para las familias un vida \u00abrota bruscamente ante una situaci\u00f3n irracional, cruel, brutal\u00bb.<\/p>\n\n\n\n<p>\u00abDesde ese momento\u00a0ya no vivimos, aprendemos a sobrevivir, sobrevivir al silencio, a la incertidumbre, a las dudas, a la injusticia, a la mentira y a la decepci\u00f3n. Nuestras noches se convierten en miles de preguntas sin respuestas, \u00bfd\u00f3nde est\u00e1n nuestros desaparecidos, c\u00f3mo estar\u00e1n, qu\u00e9 les pas\u00f3? y sobretodo, \u00bfqu\u00e9 lugar ocupan en la sociedad?<\/p>\n","protected":false},"excerpt":{"rendered":"<p>EFE &#8211; Ultima Hora 9 de marzo de 2016 Natalia Rodr\u00edguez, la madre de\u00a0Mal\u00e9n Ortiz, ha reivindicado este mi\u00e9rcoles en&hellip;<\/p>\n","protected":false},"author":1,"featured_media":0,"comment_status":"open","ping_status":"open","sticky":false,"template":"","format":"standard","meta":{"footnotes":""},"categories":[7],"tags":[21],"class_list":["post-88","post","type-post","status-publish","format-standard","hentry","category-noticias","tag-year-2016"],"_links":{"self":[{"href":"https:\/\/malenzoeortiz.com\/index.php\/wp-json\/wp\/v2\/posts\/88","targetHints":{"allow":["GET"]}}],"collection":[{"href":"https:\/\/malenzoeortiz.com\/index.php\/wp-json\/wp\/v2\/posts"}],"about":[{"href":"https:\/\/malenzoeortiz.com\/index.php\/wp-json\/wp\/v2\/types\/post"}],"author":[{"embeddable":true,"href":"https:\/\/malenzoeortiz.com\/index.php\/wp-json\/wp\/v2\/users\/1"}],"replies":[{"embeddable":true,"href":"https:\/\/malenzoeortiz.com\/index.php\/wp-json\/wp\/v2\/comments?post=88"}],"version-history":[{"count":1,"href":"https:\/\/malenzoeortiz.com\/index.php\/wp-json\/wp\/v2\/posts\/88\/revisions"}],"predecessor-version":[{"id":89,"href":"https:\/\/malenzoeortiz.com\/index.php\/wp-json\/wp\/v2\/posts\/88\/revisions\/89"}],"wp:attachment":[{"href":"https:\/\/malenzoeortiz.com\/index.php\/wp-json\/wp\/v2\/media?parent=88"}],"wp:term":[{"taxonomy":"category","embeddable":true,"href":"https:\/\/malenzoeortiz.com\/index.php\/wp-json\/wp\/v2\/categories?post=88"},{"taxonomy":"post_tag","embeddable":true,"href":"https:\/\/malenzoeortiz.com\/index.php\/wp-json\/wp\/v2\/tags?post=88"}],"curies":[{"name":"wp","href":"https:\/\/api.w.org\/{rel}","templated":true}]}}