{"id":98,"date":"2025-01-23T18:56:06","date_gmt":"2025-01-23T17:56:06","guid":{"rendered":"https:\/\/malenzoeortiz.com\/?p=98"},"modified":"2025-01-23T18:56:33","modified_gmt":"2025-01-23T17:56:33","slug":"1-500-dias-sin-malen-la-chica-a-la-que-magaluf-se-trago-al-salir-del-colegio","status":"publish","type":"post","link":"https:\/\/malenzoeortiz.com\/index.php\/2025\/01\/23\/1-500-dias-sin-malen-la-chica-a-la-que-magaluf-se-trago-al-salir-del-colegio\/","title":{"rendered":"1.500 d\u00edas sin Mal\u00e9n: la chica a la que Magaluf se trag\u00f3 al salir del colegio"},"content":{"rendered":"\n<p><a href=\"https:\/\/www.elespanol.com\/reportajes\/20171109\/260724696_0.html\" target=\"_blank\" rel=\"noopener\" title=\"\">Gonzalo Araluce &#8211; El Espa\u00f1ol<\/a><\/p>\n\n\n\n<p>13 noviembre de 2017<\/p>\n\n\n\n<p>Son 500 metros de cruel desesperaci\u00f3n, revisados palmo a palmo por amigos, familiares y cuerpos policiales. 500 metros en Magaluf (Mallorca) que esconden un misterio inquietante: el paradero de Mal\u00e9n Zo\u00e9, la ni\u00f1a de 15 a\u00f1os que desapareci\u00f3 hace casi 1.500 d\u00edas sin dejar rastro. Iba con su monopat\u00edn verde, una camisa de cuadros y una chaqueta vaquera. Ven\u00eda del colegio y era la hora de comer. Lo que ocurri\u00f3 con ella nadie parece saberlo. Desde entonces, su nombre se traduce en la zozobra de una historia inacabada, la de una ni\u00f1a a la que se le hundi\u00f3 el suelo bajo los pies para no volver jam\u00e1s al mundo terrenal.<\/p>\n\n\n\n<p>\u201cNo sabemos nada y ya no sabemos qu\u00e9 pensar\u201d, solloza una amiga de la adolescente desaparecida en conversaci\u00f3n con EL ESPA\u00d1OL. Su voz es angustia: \u201cHemos o\u00eddo de todo\u201d. Porque en la mesa de investigaci\u00f3n de la Guardia Civil ha llegado a pesar tanto la desaparici\u00f3n voluntaria como la forzosa. Se han rastreado fincas con todos los medios posibles, se han investigado a las amistades de Mal\u00e9n Zo\u00e9 y a su familia, rota entre las acusaciones y las desavenencias. Todas las hip\u00f3tesis se han derrumbado, sin quedar ninguna en pie. S\u00f3lo la certeza de que la ni\u00f1a ausente tendr\u00eda hoy 19 a\u00f1os.<\/p>\n\n\n\n<p>La de Mal\u00e9n Zo\u00e9 Ortiz es una historia con tantas aristas que el relato que m\u00e1s se sostiene es el cronol\u00f3gico. As\u00ed, nos ubicamos en el punto de partida: las 15.00 horas del 2 de diciembre de 2013. La adolescente tiene 15 a\u00f1os y una vida llena de obst\u00e1culos. Sus padres, argentinos, est\u00e1n separados y la relaci\u00f3n entre ellos es tormentosa. Mal\u00e9n es la mayor de los hijos de la pareja; Bruno tiene tres a\u00f1os menos que ella.<\/p>\n\n\n\n<p>Las notas de la chiquilla no son buenas. El a\u00f1o anterior arrastr\u00f3 siete asignaturas, aunque logr\u00f3 superarlas con el refuerzo de profesores particulares. Hay quienes dicen que sus compa\u00f1\u00edas en el IES de Santa Pon\u00e7a, donde estudia, no son buenas. En cualquier caso, lleva unos meses con una relativa estabilidad emocional; la que le aporta Dani, su novio de 17 a\u00f1os, con quien se entiende a la perfecci\u00f3n.<\/p>\n\n\n\n<p>De pelo casta\u00f1o ondulado y ojos almendrados, la muchacha est\u00e1 orgullosa \u2013como afirma en sus redes sociales- de haber perdido hasta 15 kilos en los \u00faltimos tiempos.<\/p>\n\n\n\n<p>Mal\u00e9n Zo\u00e9 camina con su patinete verde bajo el brazo. El autob\u00fas escolar la ha dejado en la parada de Los Piratas, en Magaluf, y emprende el camino hasta la casa de su padre, Alejandro, ubicada en Cala Vi\u00f1as. Al llegar a la puerta, cae en la cuenta de que ese d\u00eda no se ha llevado las llaves al instituto. Antes que quedarse en la calle, opta por avisar a su novio, Dani, que la invita a comer a su casa junto a su familia. El m\u00f3vil de Mal\u00e9n marca las 15.25.<\/p>\n\n\n\n<p>La joven llama a su padre para explicarle que comer\u00e1 con su novio, pero no logra contactar con \u00e9l. En su lugar, habla con la secretaria de \u00e9ste -Alejandro Ortiz tiene varias empresas de agua en Mallorca- y le comunica sus planes: \u201cMe he dejado las llaves en casa. Voy a comer con Dani\u201d.<\/p>\n\n\n\n<p>La casa del chico est\u00e1 a unos cuatro kil\u00f3metros de distancia, en Son Ferrer. Mal\u00e9n emprende el camino\u2026 pero nunca llega a destino. La voz de la amiga de la joven se altera al llegar hasta este punto del relato:<\/p>\n\n\n\n<p><em>-\u00a1Desapareci\u00f3! \u00a1Y nadie sabe d\u00f3nde!<\/em><\/p>\n\n\n\n<p>Esta amiga se mantiene en el anonimato: \u201cNo me f\u00edo de todas las personas implicadas en esta historia\u201d.<\/p>\n\n\n\n<p><\/p>\n\n\n\n<h2 class=\"wp-block-heading\">Un vac\u00edo de 500 metros<\/h2>\n\n\n\n<p><br>En realidad, lo \u00faltimo que se sabe con certeza de Mal\u00e9n Zo\u00e9 son las im\u00e1genes grabadas por la c\u00e1mara de seguridad de una gasolinera pr\u00f3xima a la casa de su padre. Hasta ah\u00ed, nada sospechoso: esa era la ruta que la muchacha deb\u00eda tomar rumbo al lugar de residencia de su novio.<\/p>\n\n\n\n<p>Pero nada m\u00e1s. Los agentes se han encontrado una y otra vez con que el suelo se desplomaba bajo sus pies en este punto. Tras revisar todas las c\u00e1maras de seguridad de la zona, sospechan que Mal\u00e9n no pudo llegar m\u00e1s all\u00e1 de 500 metros de la gasolinera.<\/p>\n\n\n\n<p>Sea como fuere, nunca lleg\u00f3 a casa de su novio. Alejandro, padre de Mal\u00e9n, denunci\u00f3 la desaparici\u00f3n ese mismo d\u00eda: \u201cLa norma principal es que al caer la noche mis dos hijos tienen que estar en casa. Sin excusas\u201d, declarar\u00eda en una entrevista en \u00daltima Hora.<\/p>\n\n\n\n<p>\u201cEnseguida se arm\u00f3 una buena para buscar a Mal\u00e9n\u201d, detalla la amiga de la muchacha a EL ESPA\u00d1OL. Esa frase resume un dispositivo compuesto por agentes de la Guardia Civil, Polic\u00eda Nacional, Bomberos y Protecci\u00f3n Civil; perros, helic\u00f3pteros y todos los medios al alcance para peinar cada metro, cada palmo. Seg\u00fan fuentes pr\u00f3ximas al caso, se trat\u00f3 del mayor despliegue policial en Mallorca en d\u00e9cadas.<\/p>\n\n\n\n<p>Esta amiga se trastabilla al hablar, agobiada por los recuerdos:<\/p>\n\n\n\n<p><em>-\u00bfNadie vio nada, no hubo testigos?<\/em><\/p>\n\n\n\n<p><em>-Ninguno\u2026 Bueno, muchos al principio. Alguien dijo que la hab\u00eda visto con otro chico en un mercadillo de Navidad, pero al final nada. Tambi\u00e9n dijeron que se le hab\u00eda visto en Son Banya.<\/em><\/p>\n\n\n\n<p>Son Banya: poblado gitano por antonomasia cerca de Palma de Mallorca, uno de los m\u00e1s pobres y en los que la droga causaba estragos. En aquellos a\u00f1os, no era especialmente recomendable caminar por sus calles.<\/p>\n\n\n\n<p>Desesperado por la falta de noticias, Alejandro Ortiz sigui\u00f3 esta pista. Se adentr\u00f3 en Son Banya y lleg\u00f3 a hacer buenas migas con el Ico, una de las grandes figuras del poblado e hijo de la Paca, matriarca del lugar. El Ico, consternado por el dolor de Alejandro \u2013\u201cYo tambi\u00e9n soy padre de varios ni\u00f1os\u201d-, ofreci\u00f3 una recompensa de 3.500 euros a quien aportase una pista fiable sobre el paradero de Mal\u00e9n.<\/p>\n\n\n\n<p><\/p>\n\n\n\n<h2 class=\"wp-block-heading\">Estalla la situaci\u00f3n familiar<\/h2>\n\n\n\n<p><br>Hasta la familia con los cimientos m\u00e1s s\u00f3lidos sufrir\u00eda una sacudida dif\u00edcil de soportar si uno de sus miembros desapareciese sin m\u00e1s, de la noche a la ma\u00f1ana. Los investigadores rastrearon hasta la saciedad esos 500 metros, las charcas de los campos de golf cercanos, una finca pr\u00f3xima semiabandonada \u2013tomando declaraci\u00f3n a varios okupas e indigentes que la frecuentaban-, las costas que estaban m\u00e1s cerca\u2026 Nada, todos los resultados fueron frustrantes.<\/p>\n\n\n\n<p>La falta de noticias fue un torpedo a la l\u00ednea de flotaci\u00f3n de la familia Ortiz Rodr\u00edguez. La relaci\u00f3n entre los padres, Alejandro y Natalia, era pr\u00e1cticamente inexistente. Los dos hijos \u2013seg\u00fan el relato del padre- abandonaron la casa de Natalia hac\u00eda dos a\u00f1os y desde entonces viv\u00edan en la de Alejandro.<\/p>\n\n\n\n<p>\u201cLa vida de Mal\u00e9n era dura\u201d, afirma su amiga sin dudar. La convivencia, seg\u00fan detalla, estallaba con excesiva facilidad. En cierta ocasi\u00f3n, asegura, Mal\u00e9n lleg\u00f3 a escribir una nota de suicidio, aunque nunca consum\u00f3 su plan. Hab\u00eda sufrido profundos cambios de peso y se refugiaba en la m\u00fasica y las artes.<\/p>\n\n\n\n<p>En cierta ocasi\u00f3n, la muchacha respondi\u00f3 a una pregunta que un usuario le lanz\u00f3 a trav\u00e9s de las redes sociales:<\/p>\n\n\n\n<p>-\u00bfAlguna vez tus padres te han dado una paliza frente a tus amigos o familiares?<\/p>\n\n\n\n<p><em>-No. Mi padre siempre espera a que estemos solos.<\/em><\/p>\n\n\n\n<p>Una bomba para los investigadores, que se lanzaron a investigar la historia familiar de Mal\u00e9n. Era julio de 2014 (se hab\u00edan cumplido ocho meses de la desaparici\u00f3n) cuando agentes de la Guardia Civil detuvieron a Alejandro por un presunto delito de malos tratos sobre la mujer con la que manten\u00eda una relaci\u00f3n. El juez lo dej\u00f3 en libertad y le impuso una orden de alejamiento.<\/p>\n\n\n\n<p>EL ESPA\u00d1OL ha tratado de contactar con Alejandro sin obtener respuesta. El padre y la madre de Mal\u00e9n se han lanzado el uno al otro duras acusaciones a trav\u00e9s de los medios de comunicaci\u00f3n.<\/p>\n\n\n\n<p>Todos estos detalles eran significativos en una investigaci\u00f3n atascada. Si el entorno de Mal\u00e9n apenas se sosten\u00eda, no se pod\u00eda descartar la desaparici\u00f3n voluntaria.<\/p>\n\n\n\n<p>Pero pasaban las semanas, los meses, y esa hip\u00f3tesis, sin llegar a descartarla, fue perdiendo fuerza. Es harto complicado que una chica de 15 a\u00f1os se marchase sin dejar rastro, sin que los m\u00e1s avezados agentes del Instituto Armado (con el apoyo permanente de unidades especializadas de Madrid) encontrasen una pista significativa.<\/p>\n\n\n\n<p>Tras estudiar obsesivamente los \u00faltimos pasos de Mal\u00e9n no hay m\u00e1s que incertidumbre. No existen mensajes de despedida o movimientos que hiciesen sospechar de su marcha. El vac\u00edo.<\/p>\n\n\n\n<p><\/p>\n\n\n\n<h2 class=\"wp-block-heading\">\u201cNunca perderemos la esperanza\u201d<\/h2>\n\n\n\n<p><br>Daniel, el novio de Mal\u00e9n \u2013su casa tambi\u00e9n fue registrada, sin resultado-, declar\u00f3 en una entrevista en El Mundo: \u201cQuiz\u00e1 la pista m\u00e1s crucial la tenemos delante de nuestras narices, s\u00f3lo falta verla\u201d.<\/p>\n\n\n\n<p>Hoy, la amiga de la joven es m\u00e1s pesimista al hablar con EL ESPA\u00d1OL:<\/p>\n\n\n\n<p>-No se descarta ninguna hip\u00f3tesis. \u00bfSigue pensando que es posible encontrarla con vida?<\/p>\n\n\n\n<p><em>-Despu\u00e9s de tanto\u2026 nos hemos hecho a la idea de lo peor. No saber qu\u00e9 le pudo pasar nos mata. No creo que se fuera sin m\u00e1s, sin decirnos nada a nadie. Y nos habr\u00eda dicho algo despu\u00e9s de ver que lo estamos pasando tan mal. No, no se fue as\u00ed. S\u00f3lo queremos saber qu\u00e9 fue lo que le pas\u00f3.<\/em><\/p>\n\n\n\n<p>Las investigaciones siguen abiertas. A\u00fan no se descarta ninguna hip\u00f3tesis, pero la impresi\u00f3n es que un gran muro bloquea cualquier pesquisa.<\/p>\n\n\n\n<p>Pese a todo, familiares y amigos de Mal\u00e9n se reunieron el pasado 28 de octubre en Santa Pon\u00e7a, en Mallorca, para recordar a la muchacha, que ese d\u00eda deb\u00eda cumplir 19 a\u00f1os. En su memoria se liberaron 19 mariposas.<\/p>\n\n\n\n<p>Raquel, la madre de la desaparecida, tras casi 1.500 d\u00edas sintiendo su ausencia, le dirigi\u00f3 un mensaje, convencida de que de alg\u00fan modo u otro lo escuchar\u00e1: \u201cTenemos necesidad de verte y nunca perderemos la esperanza de tenerte, Mal\u00e9n\u201d.<\/p>\n","protected":false},"excerpt":{"rendered":"<p>Gonzalo Araluce &#8211; El Espa\u00f1ol 13 noviembre de 2017 Son 500 metros de cruel desesperaci\u00f3n, revisados palmo a palmo por&hellip;<\/p>\n","protected":false},"author":1,"featured_media":0,"comment_status":"open","ping_status":"open","sticky":false,"template":"","format":"standard","meta":{"footnotes":""},"categories":[7],"tags":[22],"class_list":["post-98","post","type-post","status-publish","format-standard","hentry","category-noticias","tag-year-2017"],"_links":{"self":[{"href":"https:\/\/malenzoeortiz.com\/index.php\/wp-json\/wp\/v2\/posts\/98","targetHints":{"allow":["GET"]}}],"collection":[{"href":"https:\/\/malenzoeortiz.com\/index.php\/wp-json\/wp\/v2\/posts"}],"about":[{"href":"https:\/\/malenzoeortiz.com\/index.php\/wp-json\/wp\/v2\/types\/post"}],"author":[{"embeddable":true,"href":"https:\/\/malenzoeortiz.com\/index.php\/wp-json\/wp\/v2\/users\/1"}],"replies":[{"embeddable":true,"href":"https:\/\/malenzoeortiz.com\/index.php\/wp-json\/wp\/v2\/comments?post=98"}],"version-history":[{"count":1,"href":"https:\/\/malenzoeortiz.com\/index.php\/wp-json\/wp\/v2\/posts\/98\/revisions"}],"predecessor-version":[{"id":99,"href":"https:\/\/malenzoeortiz.com\/index.php\/wp-json\/wp\/v2\/posts\/98\/revisions\/99"}],"wp:attachment":[{"href":"https:\/\/malenzoeortiz.com\/index.php\/wp-json\/wp\/v2\/media?parent=98"}],"wp:term":[{"taxonomy":"category","embeddable":true,"href":"https:\/\/malenzoeortiz.com\/index.php\/wp-json\/wp\/v2\/categories?post=98"},{"taxonomy":"post_tag","embeddable":true,"href":"https:\/\/malenzoeortiz.com\/index.php\/wp-json\/wp\/v2\/tags?post=98"}],"curies":[{"name":"wp","href":"https:\/\/api.w.org\/{rel}","templated":true}]}}